{"id":471,"date":"2022-03-04T16:18:53","date_gmt":"2022-03-04T16:18:53","guid":{"rendered":"https:\/\/spursnext.de\/?p=471"},"modified":"2022-04-08T21:52:33","modified_gmt":"2022-04-08T21:52:33","slug":"wo-steckt-eigentlich-oliver-skipp","status":"publish","type":"post","link":"http:\/\/anderlane.de\/?p=471","title":{"rendered":"Wo steckt eigentlich Oliver Skipp?"},"content":{"rendered":"\n<p><strong>Seit Oliver Skipp in der letzten Saison zu Tottenham Hotspur zur\u00fcckgekehrt ist, hat sich der 21-j\u00e4hrige Mittelfeldspieler zu einer der zentralen St\u00fctzen des Teams entwickelt. Zuletzt fehlte er jedoch verletzungsbedingt \u2013 und eine baldige R\u00fcckkehr bleibt fraglich.&nbsp;<\/strong>&nbsp;<\/p>\n\n\n\n<p>In der heutigen Pressekonferenz vor dem Spiel gegen FC Everton am Montag, konnte Antonio Conte seinen Unmut kaum unterdr\u00fccken. Zwar sind nach ihrem Ausfall Rodrigo Bentancur und Lucas Moura zur\u00fcck im Kader, aber auf die R\u00fcckkehr Oliver Skipps muss der Italiener weiterhin warten: \u201cHe&#8217;s still not ready. Still having a problem with a groin pain. He&#8217;s fighting and he could recover before but maybe something was wrong and now we have to wait.\u201d Seit der 2:0-Niederlage gegen Chelsea am 23. Januar, als er in der 56. Minute f\u00fcr Japhet Tanganga eingewechselt wurde, muss Conte nun schon die letzten sieben Spielen auf Skipp verzichten.&nbsp;&nbsp;<\/p>\n\n\n\n<p>Ein herber Verlust, der gleich doppelt ins Gewicht f\u00e4llt. Der junge Engl\u00e4nder, der seit seiner Jugend bei Tottenham Hotspur unter Vertrag steht, konnte bereits in der Saison 2020\/21 w\u00e4hrend seiner Leihe bei Norwich City beweisen, dass er ein herausragender Mittelfeldspieler mit gro\u00dfem Potential ist. Er sticht nicht nur durch sein dynamisches Spiel und ausgezeichnetes defensives Verst\u00e4ndnis hervor, insbesondere seine F\u00e4higkeit, auch unter Druck B\u00e4lle zu gewinnen und zu behaupten sind f\u00fcr einen Spieler seines Alters bemerkenswert. Mit einer erfolgreichen Passquote von 90,1% f\u00fchrt Skipp die Liste der Spurs-Spieler an. Tottenham Hotspur hat noch keines der Ligaspiele verloren, in denen Skipp von Beginn an spielte. Auch Antonio Conte erkannte einen Monat nach seinem Amtsantritt eine gro\u00dfe Intensit\u00e4t, Leidenschaft und gute Arbeitsrate. Er habe das Potential, ein \u201ctop midfielder\u201d zu werden, von dem die Gegenwart und Zukunft des Vereins abh\u00e4nge.&nbsp;<\/p>\n\n\n\n<p>Zugleich zeigt sich vor allem in den letzten zwei Monaten eine eklatante Schw\u00e4che im Mittelfeld von Tottenham Hotspur. Seit dem Abgang von Giovanni Lo Celso, Tanguy Ndomb\u00e9l\u00e9 und Dele Alli, sind Contes Optionen auf diesen Positionen stark beschr\u00e4nkt. Neben Skipp stehen im defensiven\/zentralen Mittelfeld nur noch Harry Winks, Pierre-Emile H\u00f6jbjerg und Neuzugang Rodrigo Betancur zur Verf\u00fcgung &#8211; wobei gerade Winks und H\u00f6jbjerg in der letzten Zeit durchwachsene Leistungen zeigen. Eine R\u00fcckkehr von Oliver Skipp w\u00e4re also gerade in der aktuell unbest\u00e4ndigen Lage von gro\u00dfer Bedeutung.&nbsp;&nbsp;<\/p>\n\n\n\n<p>Der Grund f\u00fcr die lange Abwesenheit scheint eine Leistenzerrung zu sein, die sich entz\u00fcndet hat. Diese Entz\u00fcndung k\u00f6nnte den Verlauf der Verletzung verschlechtert haben. Am 8. Februar ging Conte noch von einem gut zweiw\u00f6chigen Ausfall aus, inzwischen fehlt Skipp bereits \u00fcber einen Monat und konnte erst in dieser Woche wieder individuell trainieren. Der Verein und seine medizinische Abteilung wollten sichergehen, dass seine Infektion vollkommen auskuriert ist, bevor der Mittelfeldspieler auch ins Teamtraining zur\u00fcckkehrt. <\/p>\n\n\n\n<p>Antonio Conte scheint \u00fcber diese Situation wenig erfreut. Bereits am 8. Februar w\u00fcnschte er sich von der medizinische Abteilung Tottenham Hotspurs eine m\u00f6glichst schnelle R\u00fcckkunft Oliver Skipps. Auf der heutigen Pressekonferenz spitzte Conte seine Forderung noch einmal zu und kritisierte, die \u00c4rzte w\u00fcrden ihn nicht ausreichend \u00fcber die jeweilige Situation der Spieler und ihrer Behandlung informieren. Fr\u00fchestens steht Skipp f\u00fcr das Ausw\u00e4rtsspiel gegen Manchester United am 12. M\u00e4rz zur Verf\u00fcgung, allerdings kann man im Moment keinen festen Zeitpunkt f\u00fcrs Comeback festlegen.&nbsp;<\/p>\n\n\n\n<p>Wir hoffen auf eine baldige und vollst\u00e4ndige Heilung und eine schnelle R\u00fcckkehr des jungen Talents!&nbsp;<\/p>\n","protected":false},"excerpt":{"rendered":"<p>Seit Oliver Skipp in der letzten Saison zu Tottenham Hotspur zur\u00fcckgekehrt ist, hat sich der 21-j\u00e4hrige Mittelfeldspieler zu einer der zentralen St\u00fctzen des Teams entwickelt. Zuletzt fehlte er jedoch verletzungsbedingt \u2013 und eine baldige R\u00fcckkehr bleibt fraglich.&nbsp;&nbsp; In der heutigen Pressekonferenz vor dem Spiel gegen FC Everton am Montag, konnte Antonio Conte seinen Unmut kaum&hellip;&nbsp;<a href=\"http:\/\/anderlane.de\/?p=471\" class=\"\" rel=\"bookmark\">Weiterlesen &raquo;<span class=\"screen-reader-text\">Wo steckt eigentlich Oliver Skipp?<\/span><\/a><\/p>\n","protected":false},"author":2,"featured_media":479,"comment_status":"open","ping_status":"open","sticky":false,"template":"","format":"standard","meta":{"neve_meta_sidebar":"","neve_meta_container":"","neve_meta_enable_content_width":"","neve_meta_content_width":0,"neve_meta_title_alignment":"","neve_meta_author_avatar":"","neve_post_elements_order":"","neve_meta_disable_header":"","neve_meta_disable_footer":"","neve_meta_disable_title":"","_themeisle_gutenberg_block_has_review":false,"_ti_tpc_template_sync":false,"_ti_tpc_template_id":"","_jetpack_memberships_contains_paid_content":false,"footnotes":""},"categories":[12],"tags":[63,62,64],"class_list":["post-471","post","type-post","status-publish","format-standard","has-post-thumbnail","hentry","category-analyse","tag-news","tag-oliver-skipp","tag-verletzungen"],"yoast_head":"<!-- This site is optimized with the Yoast SEO plugin v18.2 - https:\/\/yoast.com\/wordpress\/plugins\/seo\/ -->\n<title>Wo steckt eigentlich Oliver Skipp? - An Der Lane<\/title>\n<meta name=\"robots\" content=\"index, follow, max-snippet:-1, max-image-preview:large, max-video-preview:-1\" \/>\n<link rel=\"canonical\" href=\"http:\/\/anderlane.de\/?p=471\" \/>\n<meta property=\"og:locale\" content=\"de_DE\" \/>\n<meta property=\"og:type\" content=\"article\" \/>\n<meta property=\"og:title\" content=\"Wo steckt eigentlich Oliver Skipp? - An Der Lane\" \/>\n<meta property=\"og:description\" content=\"Seit Oliver Skipp in der letzten Saison zu Tottenham Hotspur zur\u00fcckgekehrt ist, hat sich der 21-j\u00e4hrige Mittelfeldspieler zu einer der zentralen St\u00fctzen des Teams entwickelt. Zuletzt fehlte er jedoch verletzungsbedingt \u2013 und eine baldige R\u00fcckkehr bleibt fraglich.&nbsp;&nbsp; In der heutigen Pressekonferenz vor dem Spiel gegen FC Everton am Montag, konnte Antonio Conte seinen Unmut kaum&hellip;&nbsp;Weiterlesen &raquo;Wo steckt eigentlich Oliver Skipp?\" \/>\n<meta property=\"og:url\" content=\"http:\/\/anderlane.de\/?p=471\" \/>\n<meta property=\"og:site_name\" content=\"An Der Lane\" \/>\n<meta property=\"article:published_time\" content=\"2022-03-04T16:18:53+00:00\" \/>\n<meta property=\"article:modified_time\" content=\"2022-04-08T21:52:33+00:00\" \/>\n<meta property=\"og:image\" content=\"https:\/\/i0.wp.com\/anderlane.de\/wp-content\/uploads\/2022\/03\/Design-ohne-Titel6-1.png?fit=1588%2C503\" \/>\n\t<meta property=\"og:image:width\" content=\"1588\" \/>\n\t<meta property=\"og:image:height\" content=\"503\" \/>\n\t<meta property=\"og:image:type\" content=\"image\/png\" \/>\n<meta name=\"twitter:card\" content=\"summary_large_image\" \/>\n<meta name=\"twitter:creator\" content=\"@mxjkblindemann\" \/>\n<meta name=\"twitter:label1\" content=\"Verfasst von\" \/>\n\t<meta name=\"twitter:data1\" content=\"Max\" \/>\n\t<meta name=\"twitter:label2\" content=\"Gesch\u00e4tzte Lesezeit\" \/>\n\t<meta name=\"twitter:data2\" content=\"3\u00a0Minuten\" \/>\n<script type=\"application\/ld+json\" class=\"yoast-schema-graph\">{\"@context\":\"https:\/\/schema.org\",\"@graph\":[{\"@type\":\"WebSite\",\"@id\":\"http:\/\/anderlane.de\/#website\",\"url\":\"http:\/\/anderlane.de\/\",\"name\":\"An Der Lane\",\"description\":\"Der deutsche Tottenham-Fanblog\",\"potentialAction\":[{\"@type\":\"SearchAction\",\"target\":{\"@type\":\"EntryPoint\",\"urlTemplate\":\"http:\/\/anderlane.de\/?s={search_term_string}\"},\"query-input\":\"required name=search_term_string\"}],\"inLanguage\":\"de\"},{\"@type\":\"ImageObject\",\"@id\":\"http:\/\/anderlane.de\/?p=471#primaryimage\",\"inLanguage\":\"de\",\"url\":\"https:\/\/i0.wp.com\/anderlane.de\/wp-content\/uploads\/2022\/03\/Design-ohne-Titel6-1.png?fit=1588%2C503\",\"contentUrl\":\"https:\/\/i0.wp.com\/anderlane.de\/wp-content\/uploads\/2022\/03\/Design-ohne-Titel6-1.png?fit=1588%2C503\",\"width\":1588,\"height\":503},{\"@type\":\"WebPage\",\"@id\":\"http:\/\/anderlane.de\/?p=471#webpage\",\"url\":\"http:\/\/anderlane.de\/?p=471\",\"name\":\"Wo steckt eigentlich Oliver Skipp? - An Der Lane\",\"isPartOf\":{\"@id\":\"http:\/\/anderlane.de\/#website\"},\"primaryImageOfPage\":{\"@id\":\"http:\/\/anderlane.de\/?p=471#primaryimage\"},\"datePublished\":\"2022-03-04T16:18:53+00:00\",\"dateModified\":\"2022-04-08T21:52:33+00:00\",\"author\":{\"@id\":\"http:\/\/anderlane.de\/#\/schema\/person\/72155d1475282db92ce00a1bfd59ad33\"},\"breadcrumb\":{\"@id\":\"http:\/\/anderlane.de\/?p=471#breadcrumb\"},\"inLanguage\":\"de\",\"potentialAction\":[{\"@type\":\"ReadAction\",\"target\":[\"http:\/\/anderlane.de\/?p=471\"]}]},{\"@type\":\"BreadcrumbList\",\"@id\":\"http:\/\/anderlane.de\/?p=471#breadcrumb\",\"itemListElement\":[{\"@type\":\"ListItem\",\"position\":1,\"name\":\"Startseite\",\"item\":\"http:\/\/anderlane.de\/\"},{\"@type\":\"ListItem\",\"position\":2,\"name\":\"Wo steckt eigentlich Oliver Skipp?\"}]},{\"@type\":\"Person\",\"@id\":\"http:\/\/anderlane.de\/#\/schema\/person\/72155d1475282db92ce00a1bfd59ad33\",\"name\":\"Max\",\"description\":\"Hat 2013 durch einen 21-j\u00e4hrigen d\u00e4nischen Offensivspieler zu Tottenham Hotspur gefunden. Studiert in Berlin und liebt Fu\u00dfball-Statistiken. Lieblingsspieler: Oliver Skipp. All-Time-Favourite: Erik Lamela\",\"sameAs\":[\"https:\/\/twitter.com\/mxjkblindemann\"],\"url\":\"http:\/\/anderlane.de\/?author=2\"}]}<\/script>\n<!-- \/ Yoast SEO plugin. -->","yoast_head_json":{"title":"Wo steckt eigentlich Oliver Skipp? - An Der Lane","robots":{"index":"index","follow":"follow","max-snippet":"max-snippet:-1","max-image-preview":"max-image-preview:large","max-video-preview":"max-video-preview:-1"},"canonical":"http:\/\/anderlane.de\/?p=471","og_locale":"de_DE","og_type":"article","og_title":"Wo steckt eigentlich Oliver Skipp? - An Der Lane","og_description":"Seit Oliver Skipp in der letzten Saison zu Tottenham Hotspur zur\u00fcckgekehrt ist, hat sich der 21-j\u00e4hrige Mittelfeldspieler zu einer der zentralen St\u00fctzen des Teams entwickelt. Zuletzt fehlte er jedoch verletzungsbedingt \u2013 und eine baldige R\u00fcckkehr bleibt fraglich.&nbsp;&nbsp; In der heutigen Pressekonferenz vor dem Spiel gegen FC Everton am Montag, konnte Antonio Conte seinen Unmut kaum&hellip;&nbsp;Weiterlesen &raquo;Wo steckt eigentlich Oliver Skipp?","og_url":"http:\/\/anderlane.de\/?p=471","og_site_name":"An Der Lane","article_published_time":"2022-03-04T16:18:53+00:00","article_modified_time":"2022-04-08T21:52:33+00:00","og_image":[{"width":1588,"height":503,"url":"https:\/\/i0.wp.com\/anderlane.de\/wp-content\/uploads\/2022\/03\/Design-ohne-Titel6-1.png?fit=1588%2C503","type":"image\/png"}],"twitter_card":"summary_large_image","twitter_creator":"@mxjkblindemann","twitter_misc":{"Verfasst von":"Max","Gesch\u00e4tzte Lesezeit":"3\u00a0Minuten"},"schema":{"@context":"https:\/\/schema.org","@graph":[{"@type":"WebSite","@id":"http:\/\/anderlane.de\/#website","url":"http:\/\/anderlane.de\/","name":"An Der Lane","description":"Der deutsche Tottenham-Fanblog","potentialAction":[{"@type":"SearchAction","target":{"@type":"EntryPoint","urlTemplate":"http:\/\/anderlane.de\/?s={search_term_string}"},"query-input":"required name=search_term_string"}],"inLanguage":"de"},{"@type":"ImageObject","@id":"http:\/\/anderlane.de\/?p=471#primaryimage","inLanguage":"de","url":"https:\/\/i0.wp.com\/anderlane.de\/wp-content\/uploads\/2022\/03\/Design-ohne-Titel6-1.png?fit=1588%2C503","contentUrl":"https:\/\/i0.wp.com\/anderlane.de\/wp-content\/uploads\/2022\/03\/Design-ohne-Titel6-1.png?fit=1588%2C503","width":1588,"height":503},{"@type":"WebPage","@id":"http:\/\/anderlane.de\/?p=471#webpage","url":"http:\/\/anderlane.de\/?p=471","name":"Wo steckt eigentlich Oliver Skipp? - An Der Lane","isPartOf":{"@id":"http:\/\/anderlane.de\/#website"},"primaryImageOfPage":{"@id":"http:\/\/anderlane.de\/?p=471#primaryimage"},"datePublished":"2022-03-04T16:18:53+00:00","dateModified":"2022-04-08T21:52:33+00:00","author":{"@id":"http:\/\/anderlane.de\/#\/schema\/person\/72155d1475282db92ce00a1bfd59ad33"},"breadcrumb":{"@id":"http:\/\/anderlane.de\/?p=471#breadcrumb"},"inLanguage":"de","potentialAction":[{"@type":"ReadAction","target":["http:\/\/anderlane.de\/?p=471"]}]},{"@type":"BreadcrumbList","@id":"http:\/\/anderlane.de\/?p=471#breadcrumb","itemListElement":[{"@type":"ListItem","position":1,"name":"Startseite","item":"http:\/\/anderlane.de\/"},{"@type":"ListItem","position":2,"name":"Wo steckt eigentlich Oliver Skipp?"}]},{"@type":"Person","@id":"http:\/\/anderlane.de\/#\/schema\/person\/72155d1475282db92ce00a1bfd59ad33","name":"Max","description":"Hat 2013 durch einen 21-j\u00e4hrigen d\u00e4nischen Offensivspieler zu Tottenham Hotspur gefunden. Studiert in Berlin und liebt Fu\u00dfball-Statistiken. Lieblingsspieler: Oliver Skipp. All-Time-Favourite: Erik Lamela","sameAs":["https:\/\/twitter.com\/mxjkblindemann"],"url":"http:\/\/anderlane.de\/?author=2"}]}},"jetpack_featured_media_url":"https:\/\/i0.wp.com\/anderlane.de\/wp-content\/uploads\/2022\/03\/Design-ohne-Titel6-1.png?fit=1588%2C503","jetpack_sharing_enabled":true,"_links":{"self":[{"href":"http:\/\/anderlane.de\/index.php?rest_route=\/wp\/v2\/posts\/471","targetHints":{"allow":["GET"]}}],"collection":[{"href":"http:\/\/anderlane.de\/index.php?rest_route=\/wp\/v2\/posts"}],"about":[{"href":"http:\/\/anderlane.de\/index.php?rest_route=\/wp\/v2\/types\/post"}],"author":[{"embeddable":true,"href":"http:\/\/anderlane.de\/index.php?rest_route=\/wp\/v2\/users\/2"}],"replies":[{"embeddable":true,"href":"http:\/\/anderlane.de\/index.php?rest_route=%2Fwp%2Fv2%2Fcomments&post=471"}],"version-history":[{"count":8,"href":"http:\/\/anderlane.de\/index.php?rest_route=\/wp\/v2\/posts\/471\/revisions"}],"predecessor-version":[{"id":812,"href":"http:\/\/anderlane.de\/index.php?rest_route=\/wp\/v2\/posts\/471\/revisions\/812"}],"wp:featuredmedia":[{"embeddable":true,"href":"http:\/\/anderlane.de\/index.php?rest_route=\/wp\/v2\/media\/479"}],"wp:attachment":[{"href":"http:\/\/anderlane.de\/index.php?rest_route=%2Fwp%2Fv2%2Fmedia&parent=471"}],"wp:term":[{"taxonomy":"category","embeddable":true,"href":"http:\/\/anderlane.de\/index.php?rest_route=%2Fwp%2Fv2%2Fcategories&post=471"},{"taxonomy":"post_tag","embeddable":true,"href":"http:\/\/anderlane.de\/index.php?rest_route=%2Fwp%2Fv2%2Ftags&post=471"}],"curies":[{"name":"wp","href":"https:\/\/api.w.org\/{rel}","templated":true}]}}