{"id":996,"date":"2022-05-27T15:55:52","date_gmt":"2022-05-27T15:55:52","guid":{"rendered":"https:\/\/spursnext.de\/?p=996"},"modified":"2022-07-03T10:27:37","modified_gmt":"2022-07-03T10:27:37","slug":"was-steht-bei-den-spurs-im-sommer-auf-dem-kalender","status":"publish","type":"post","link":"http:\/\/anderlane.de\/?p=996","title":{"rendered":"Was steht bei den Spurs im Sommer auf dem Programm?"},"content":{"rendered":"\n<p><strong>Die Saison 2021\/22 ist offiziell zu einem gl\u00fccklichen Ende gebracht worden. Die Sommerpause hat begonnen und das bedeutet f\u00fcr Spieler und Trainerstab der Spurs, m\u00f6glichst gut abzuschalten und sich auszuruhen. Allzu viel Zeit bleibt daf\u00fcr jedoch nicht. Bevor die Premier League Anfang August wieder ihren Betrieb aufnimmt, steht neben der Saisonvorbereitung noch manch anderer Termin im Kalender Tottenham Hotspurs. <\/strong><br><br><strong>Wir geben euch eine \u00dcbersicht \u00fcber alle wichtigen Ereignisse des Sommers: <\/strong><\/p>\n\n\n\n<figure class=\"wp-block-table has-medium-font-size\"><table><tbody><tr><td><strong>10. Juni:<\/strong><\/td><td>Transferfenster f\u00fcr England er\u00f6ffnet<\/td><\/tr><tr><td><strong>16. Juni:<\/strong><\/td><td>Spielansetzungen f\u00fcr die Premier-League 2022\/23 bekanntgegeben<\/td><\/tr><tr><td><strong>1. Juli:<\/strong><\/td><td>Transferfenster f\u00fcr Deutschland, Frankreich, Italien und Spanien er\u00f6ffnet<\/td><\/tr><tr><td><strong>13. Juli, 13:00:<\/strong><\/td><td>Spurs vs. Team K-League in Seoul, S\u00fcdkorea*<\/td><\/tr><tr><td><strong>16. Juli, 13:00:<\/strong><\/td><td>Spurs vs. Sevilla in Suwon, S\u00fcdkorea*<\/td><\/tr><tr><td><strong>23. Juli, 16.00:<\/strong><\/td><td>Spurs vs. Rangers in Glasgow, Schottland*<\/td><\/tr><tr><td><strong>30. Juli, 20:15:<\/strong><\/td><td>Spurs vs. Roma in Haifa, Israel*<\/td><\/tr><tr><td><strong>6. August, 16:00:<\/strong><\/td><td>1. Spieltag der Premier League: Spurs vs. Saints<\/td><\/tr><tr><td><strong>25. August:<\/strong><\/td><td>Auslosung der Champions-League-Gruppenphase<\/td><\/tr><tr><td><strong>1. September:<\/strong><\/td><td>Transferfenster schlie\u00dfen<\/td><\/tr><tr><td><strong>6.-7. September:<\/strong><\/td><td>1. Spieltag der Champions League<\/td><\/tr><tr><td><strong>13.-14. September:<\/strong><\/td><td>2. Spieltag der Champions League<\/td><\/tr><\/tbody><\/table><figcaption>*Die Testspiele werden \u00fcber die neue Streaming-Plattform <a href=\"https:\/\/play.tottenhamhotspur.com\/\">SPURSPLAY<\/a> zu verfolgen sein. <\/figcaption><\/figure>\n","protected":false},"excerpt":{"rendered":"<p>Die Saison 2021\/22 ist offiziell zu einem gl\u00fccklichen Ende gebracht worden. Die Sommerpause hat begonnen und das bedeutet f\u00fcr Spieler und Trainerstab der Spurs, m\u00f6glichst gut abzuschalten und sich auszuruhen. Allzu viel Zeit bleibt daf\u00fcr jedoch nicht. Bevor die Premier League Anfang August wieder ihren Betrieb aufnimmt, steht neben der Saisonvorbereitung noch manch anderer Termin&hellip;&nbsp;<a href=\"http:\/\/anderlane.de\/?p=996\" class=\"\" rel=\"bookmark\">Weiterlesen &raquo;<span class=\"screen-reader-text\">Was steht bei den Spurs im Sommer auf dem Programm?<\/span><\/a><\/p>\n","protected":false},"author":2,"featured_media":999,"comment_status":"open","ping_status":"open","sticky":false,"template":"","format":"standard","meta":{"neve_meta_sidebar":"","neve_meta_container":"","neve_meta_enable_content_width":"","neve_meta_content_width":0,"neve_meta_title_alignment":"","neve_meta_author_avatar":"","neve_post_elements_order":"","neve_meta_disable_header":"","neve_meta_disable_footer":"","neve_meta_disable_title":"","_themeisle_gutenberg_block_has_review":false,"_ti_tpc_template_sync":false,"_ti_tpc_template_id":"","_jetpack_memberships_contains_paid_content":false,"footnotes":""},"categories":[4,10],"tags":[75,77,19,20,76,14],"class_list":["post-996","post","type-post","status-publish","format-standard","has-post-thumbnail","hentry","category-blog","category-news-und-transfers","tag-israel","tag-schottland","tag-spurs","tag-spursnext","tag-suedkorea","tag-tottenham"],"yoast_head":"<!-- This site is optimized with the Yoast SEO plugin v18.2 - https:\/\/yoast.com\/wordpress\/plugins\/seo\/ -->\n<title>Was steht bei den Spurs im Sommer auf dem Programm? - An Der Lane<\/title>\n<meta name=\"robots\" content=\"index, follow, max-snippet:-1, max-image-preview:large, max-video-preview:-1\" \/>\n<link rel=\"canonical\" href=\"https:\/\/anderlane.de\/?p=996\" \/>\n<meta property=\"og:locale\" content=\"de_DE\" \/>\n<meta property=\"og:type\" content=\"article\" \/>\n<meta property=\"og:title\" content=\"Was steht bei den Spurs im Sommer auf dem Programm? - An Der Lane\" \/>\n<meta property=\"og:description\" content=\"Die Saison 2021\/22 ist offiziell zu einem gl\u00fccklichen Ende gebracht worden. Die Sommerpause hat begonnen und das bedeutet f\u00fcr Spieler und Trainerstab der Spurs, m\u00f6glichst gut abzuschalten und sich auszuruhen. Allzu viel Zeit bleibt daf\u00fcr jedoch nicht. Bevor die Premier League Anfang August wieder ihren Betrieb aufnimmt, steht neben der Saisonvorbereitung noch manch anderer Termin&hellip;&nbsp;Weiterlesen &raquo;Was steht bei den Spurs im Sommer auf dem Programm?\" \/>\n<meta property=\"og:url\" content=\"https:\/\/anderlane.de\/?p=996\" \/>\n<meta property=\"og:site_name\" content=\"An Der Lane\" \/>\n<meta property=\"article:published_time\" content=\"2022-05-27T15:55:52+00:00\" \/>\n<meta property=\"article:modified_time\" content=\"2022-07-03T10:27:37+00:00\" \/>\n<meta property=\"og:image\" content=\"https:\/\/anderlane.de\/wp-content\/uploads\/2022\/05\/Kopie-von-ENIC3-1024x512.png\" \/>\n\t<meta property=\"og:image:width\" content=\"1024\" \/>\n\t<meta property=\"og:image:height\" content=\"512\" \/>\n\t<meta property=\"og:image:type\" content=\"image\/png\" \/>\n<meta name=\"twitter:card\" content=\"summary_large_image\" \/>\n<meta name=\"twitter:creator\" content=\"@mxjkblindemann\" \/>\n<meta name=\"twitter:label1\" content=\"Verfasst von\" \/>\n\t<meta name=\"twitter:data1\" content=\"Max\" \/>\n\t<meta name=\"twitter:label2\" content=\"Gesch\u00e4tzte Lesezeit\" \/>\n\t<meta name=\"twitter:data2\" content=\"1\u00a0Minute\" \/>\n<script type=\"application\/ld+json\" class=\"yoast-schema-graph\">{\"@context\":\"https:\/\/schema.org\",\"@graph\":[{\"@type\":\"WebSite\",\"@id\":\"http:\/\/anderlane.de\/#website\",\"url\":\"http:\/\/anderlane.de\/\",\"name\":\"An Der Lane\",\"description\":\"Der deutsche Tottenham-Fanblog\",\"potentialAction\":[{\"@type\":\"SearchAction\",\"target\":{\"@type\":\"EntryPoint\",\"urlTemplate\":\"http:\/\/anderlane.de\/?s={search_term_string}\"},\"query-input\":\"required name=search_term_string\"}],\"inLanguage\":\"de\"},{\"@type\":\"ImageObject\",\"@id\":\"https:\/\/anderlane.de\/?p=996#primaryimage\",\"inLanguage\":\"de\",\"url\":\"https:\/\/i0.wp.com\/anderlane.de\/wp-content\/uploads\/2022\/05\/Kopie-von-ENIC3.png?fit=2000%2C1000\",\"contentUrl\":\"https:\/\/i0.wp.com\/anderlane.de\/wp-content\/uploads\/2022\/05\/Kopie-von-ENIC3.png?fit=2000%2C1000\",\"width\":2000,\"height\":1000},{\"@type\":\"WebPage\",\"@id\":\"https:\/\/anderlane.de\/?p=996#webpage\",\"url\":\"https:\/\/anderlane.de\/?p=996\",\"name\":\"Was steht bei den Spurs im Sommer auf dem Programm? - An Der Lane\",\"isPartOf\":{\"@id\":\"http:\/\/anderlane.de\/#website\"},\"primaryImageOfPage\":{\"@id\":\"https:\/\/anderlane.de\/?p=996#primaryimage\"},\"datePublished\":\"2022-05-27T15:55:52+00:00\",\"dateModified\":\"2022-07-03T10:27:37+00:00\",\"author\":{\"@id\":\"http:\/\/anderlane.de\/#\/schema\/person\/72155d1475282db92ce00a1bfd59ad33\"},\"breadcrumb\":{\"@id\":\"https:\/\/anderlane.de\/?p=996#breadcrumb\"},\"inLanguage\":\"de\",\"potentialAction\":[{\"@type\":\"ReadAction\",\"target\":[\"https:\/\/anderlane.de\/?p=996\"]}]},{\"@type\":\"BreadcrumbList\",\"@id\":\"https:\/\/anderlane.de\/?p=996#breadcrumb\",\"itemListElement\":[{\"@type\":\"ListItem\",\"position\":1,\"name\":\"Startseite\",\"item\":\"http:\/\/anderlane.de\/\"},{\"@type\":\"ListItem\",\"position\":2,\"name\":\"Was steht bei den Spurs im Sommer auf dem Programm?\"}]},{\"@type\":\"Person\",\"@id\":\"http:\/\/anderlane.de\/#\/schema\/person\/72155d1475282db92ce00a1bfd59ad33\",\"name\":\"Max\",\"description\":\"Hat 2013 durch einen 21-j\u00e4hrigen d\u00e4nischen Offensivspieler zu Tottenham Hotspur gefunden. Studiert in Berlin und liebt Fu\u00dfball-Statistiken. Lieblingsspieler: Oliver Skipp. All-Time-Favourite: Erik Lamela\",\"sameAs\":[\"https:\/\/twitter.com\/mxjkblindemann\"],\"url\":\"http:\/\/anderlane.de\/?author=2\"}]}<\/script>\n<!-- \/ Yoast SEO plugin. -->","yoast_head_json":{"title":"Was steht bei den Spurs im Sommer auf dem Programm? - An Der Lane","robots":{"index":"index","follow":"follow","max-snippet":"max-snippet:-1","max-image-preview":"max-image-preview:large","max-video-preview":"max-video-preview:-1"},"canonical":"https:\/\/anderlane.de\/?p=996","og_locale":"de_DE","og_type":"article","og_title":"Was steht bei den Spurs im Sommer auf dem Programm? - An Der Lane","og_description":"Die Saison 2021\/22 ist offiziell zu einem gl\u00fccklichen Ende gebracht worden. Die Sommerpause hat begonnen und das bedeutet f\u00fcr Spieler und Trainerstab der Spurs, m\u00f6glichst gut abzuschalten und sich auszuruhen. Allzu viel Zeit bleibt daf\u00fcr jedoch nicht. Bevor die Premier League Anfang August wieder ihren Betrieb aufnimmt, steht neben der Saisonvorbereitung noch manch anderer Termin&hellip;&nbsp;Weiterlesen &raquo;Was steht bei den Spurs im Sommer auf dem Programm?","og_url":"https:\/\/anderlane.de\/?p=996","og_site_name":"An Der Lane","article_published_time":"2022-05-27T15:55:52+00:00","article_modified_time":"2022-07-03T10:27:37+00:00","og_image":[{"width":1024,"height":512,"url":"https:\/\/anderlane.de\/wp-content\/uploads\/2022\/05\/Kopie-von-ENIC3-1024x512.png","type":"image\/png"}],"twitter_card":"summary_large_image","twitter_creator":"@mxjkblindemann","twitter_misc":{"Verfasst von":"Max","Gesch\u00e4tzte Lesezeit":"1\u00a0Minute"},"schema":{"@context":"https:\/\/schema.org","@graph":[{"@type":"WebSite","@id":"http:\/\/anderlane.de\/#website","url":"http:\/\/anderlane.de\/","name":"An Der Lane","description":"Der deutsche Tottenham-Fanblog","potentialAction":[{"@type":"SearchAction","target":{"@type":"EntryPoint","urlTemplate":"http:\/\/anderlane.de\/?s={search_term_string}"},"query-input":"required name=search_term_string"}],"inLanguage":"de"},{"@type":"ImageObject","@id":"https:\/\/anderlane.de\/?p=996#primaryimage","inLanguage":"de","url":"https:\/\/i0.wp.com\/anderlane.de\/wp-content\/uploads\/2022\/05\/Kopie-von-ENIC3.png?fit=2000%2C1000","contentUrl":"https:\/\/i0.wp.com\/anderlane.de\/wp-content\/uploads\/2022\/05\/Kopie-von-ENIC3.png?fit=2000%2C1000","width":2000,"height":1000},{"@type":"WebPage","@id":"https:\/\/anderlane.de\/?p=996#webpage","url":"https:\/\/anderlane.de\/?p=996","name":"Was steht bei den Spurs im Sommer auf dem Programm? - An Der Lane","isPartOf":{"@id":"http:\/\/anderlane.de\/#website"},"primaryImageOfPage":{"@id":"https:\/\/anderlane.de\/?p=996#primaryimage"},"datePublished":"2022-05-27T15:55:52+00:00","dateModified":"2022-07-03T10:27:37+00:00","author":{"@id":"http:\/\/anderlane.de\/#\/schema\/person\/72155d1475282db92ce00a1bfd59ad33"},"breadcrumb":{"@id":"https:\/\/anderlane.de\/?p=996#breadcrumb"},"inLanguage":"de","potentialAction":[{"@type":"ReadAction","target":["https:\/\/anderlane.de\/?p=996"]}]},{"@type":"BreadcrumbList","@id":"https:\/\/anderlane.de\/?p=996#breadcrumb","itemListElement":[{"@type":"ListItem","position":1,"name":"Startseite","item":"http:\/\/anderlane.de\/"},{"@type":"ListItem","position":2,"name":"Was steht bei den Spurs im Sommer auf dem Programm?"}]},{"@type":"Person","@id":"http:\/\/anderlane.de\/#\/schema\/person\/72155d1475282db92ce00a1bfd59ad33","name":"Max","description":"Hat 2013 durch einen 21-j\u00e4hrigen d\u00e4nischen Offensivspieler zu Tottenham Hotspur gefunden. Studiert in Berlin und liebt Fu\u00dfball-Statistiken. Lieblingsspieler: Oliver Skipp. All-Time-Favourite: Erik Lamela","sameAs":["https:\/\/twitter.com\/mxjkblindemann"],"url":"http:\/\/anderlane.de\/?author=2"}]}},"jetpack_featured_media_url":"https:\/\/i0.wp.com\/anderlane.de\/wp-content\/uploads\/2022\/05\/Kopie-von-ENIC3.png?fit=2000%2C1000","jetpack_sharing_enabled":true,"_links":{"self":[{"href":"http:\/\/anderlane.de\/index.php?rest_route=\/wp\/v2\/posts\/996","targetHints":{"allow":["GET"]}}],"collection":[{"href":"http:\/\/anderlane.de\/index.php?rest_route=\/wp\/v2\/posts"}],"about":[{"href":"http:\/\/anderlane.de\/index.php?rest_route=\/wp\/v2\/types\/post"}],"author":[{"embeddable":true,"href":"http:\/\/anderlane.de\/index.php?rest_route=\/wp\/v2\/users\/2"}],"replies":[{"embeddable":true,"href":"http:\/\/anderlane.de\/index.php?rest_route=%2Fwp%2Fv2%2Fcomments&post=996"}],"version-history":[{"count":6,"href":"http:\/\/anderlane.de\/index.php?rest_route=\/wp\/v2\/posts\/996\/revisions"}],"predecessor-version":[{"id":1084,"href":"http:\/\/anderlane.de\/index.php?rest_route=\/wp\/v2\/posts\/996\/revisions\/1084"}],"wp:featuredmedia":[{"embeddable":true,"href":"http:\/\/anderlane.de\/index.php?rest_route=\/wp\/v2\/media\/999"}],"wp:attachment":[{"href":"http:\/\/anderlane.de\/index.php?rest_route=%2Fwp%2Fv2%2Fmedia&parent=996"}],"wp:term":[{"taxonomy":"category","embeddable":true,"href":"http:\/\/anderlane.de\/index.php?rest_route=%2Fwp%2Fv2%2Fcategories&post=996"},{"taxonomy":"post_tag","embeddable":true,"href":"http:\/\/anderlane.de\/index.php?rest_route=%2Fwp%2Fv2%2Ftags&post=996"}],"curies":[{"name":"wp","href":"https:\/\/api.w.org\/{rel}","templated":true}]}}